{"id":446,"date":"2008-07-30T16:09:53","date_gmt":"2008-07-30T15:09:53","guid":{"rendered":"http:\/\/www.sc-postbauer-heng.de\/08sjm\/?p=446"},"modified":"2008-07-30T16:09:53","modified_gmt":"2008-07-30T15:09:53","slug":"interview-mit-cor-van-wijgerden","status":"publish","type":"post","link":"http:\/\/schachbezirk-mittelfranken.de\/sjm\/?p=446","title":{"rendered":"Interview mit Cor van Wijgerden"},"content":{"rendered":"<p>In der n\u00e4chsten Saison kommt die Trainerlegende Cor van Wijgerden 2mal nach Mittelfranken. Der mittelfr\u00e4nkische Pressewart Udo G\u00fcldner hat nun mit ihm ein\u00a0 Kurzinterview gemacht.<\/p>\n<p>Dieses finden sie auf der <a href=\"http:\/\/www.schachclub-forchheim.de\/aktuelles\/archives\/1100-Trainerlegende-in-Forchheim.html\" target=\"_blank\">Homepage des SC Forchheim<\/a>.<\/p>\n<p>Zu den <a href=\"http:\/\/www.sc-postbauer-heng.de\/08sjm\/?p=418\" target=\"_blank\">Veranstaltungen mit Cor van Wijgerden<\/a><\/p>\n","protected":false},"excerpt":{"rendered":"<p>In der n\u00e4chsten Saison kommt die Trainerlegende Cor van Wijgerden 2mal nach Mittelfranken. Der mittelfr\u00e4nkische Pressewart Udo G\u00fcldner hat nun mit ihm ein\u00a0 Kurzinterview gemacht. Dieses finden sie auf der Homepage des SC Forchheim. Zu den Veranstaltungen mit Cor van &hellip; <a href=\"http:\/\/schachbezirk-mittelfranken.de\/sjm\/?p=446\">Weiterlesen <span class=\"meta-nav\">&rarr;<\/span><\/a><\/p>\n","protected":false},"author":6,"featured_media":0,"comment_status":"closed","ping_status":"open","sticky":false,"template":"","format":"standard","meta":{"footnotes":""},"categories":[1],"tags":[],"class_list":["post-446","post","type-post","status-publish","format-standard","hentry","category-allgemein"],"_links":{"self":[{"href":"http:\/\/schachbezirk-mittelfranken.de\/sjm\/index.php?rest_route=\/wp\/v2\/posts\/446","targetHints":{"allow":["GET"]}}],"collection":[{"href":"http:\/\/schachbezirk-mittelfranken.de\/sjm\/index.php?rest_route=\/wp\/v2\/posts"}],"about":[{"href":"http:\/\/schachbezirk-mittelfranken.de\/sjm\/index.php?rest_route=\/wp\/v2\/types\/post"}],"author":[{"embeddable":true,"href":"http:\/\/schachbezirk-mittelfranken.de\/sjm\/index.php?rest_route=\/wp\/v2\/users\/6"}],"replies":[{"embeddable":true,"href":"http:\/\/schachbezirk-mittelfranken.de\/sjm\/index.php?rest_route=%2Fwp%2Fv2%2Fcomments&post=446"}],"version-history":[{"count":0,"href":"http:\/\/schachbezirk-mittelfranken.de\/sjm\/index.php?rest_route=\/wp\/v2\/posts\/446\/revisions"}],"wp:attachment":[{"href":"http:\/\/schachbezirk-mittelfranken.de\/sjm\/index.php?rest_route=%2Fwp%2Fv2%2Fmedia&parent=446"}],"wp:term":[{"taxonomy":"category","embeddable":true,"href":"http:\/\/schachbezirk-mittelfranken.de\/sjm\/index.php?rest_route=%2Fwp%2Fv2%2Fcategories&post=446"},{"taxonomy":"post_tag","embeddable":true,"href":"http:\/\/schachbezirk-mittelfranken.de\/sjm\/index.php?rest_route=%2Fwp%2Fv2%2Ftags&post=446"}],"curies":[{"name":"wp","href":"https:\/\/api.w.org\/{rel}","templated":true}]}}