{"id":478,"date":"2008-08-29T11:51:26","date_gmt":"2008-08-29T09:51:26","guid":{"rendered":"http:\/\/www.sc-postbauer-heng.de\/08sjm\/?p=478"},"modified":"2008-08-29T11:51:26","modified_gmt":"2008-08-29T09:51:26","slug":"ferienschach-in-mittelfranken","status":"publish","type":"post","link":"http:\/\/schachbezirk-mittelfranken.de\/sjm\/?p=478","title":{"rendered":"Ferienschach in Mittelfranken"},"content":{"rendered":"<p> <a href=\"http:\/\/www.sc-postbauer-heng.de\/08sjm\/wp-content\/uploads\/2008\/08\/steiner-ferienprogramm-2008.jpg\" title=\"steiner-ferienprogramm-2008.jpg\"><img decoding=\"async\" src=\"http:\/\/www.sc-postbauer-heng.de\/08sjm\/wp-content\/uploads\/2008\/08\/steiner-ferienprogramm-2008.jpg\" alt=\"steiner-ferienprogramm-2008.jpg\" \/><\/a><\/p>\n<p>Mich w\u00fcrde einmal interessieren welche Vereine speziell f\u00fcr Kinder- und Jugendliche in den Ferien ein extra Programm (Schnuppertag, Kinderturnier, Schachwoche etc.) angeboten haben. Sehr interessiert bin ich auch an der <strong>Einsendung von Nachberichten und Fotos<\/strong>, sowie insbesondere auch an den <strong>Ausschreibungen bzw. Einladungen<\/strong> zu diesen Veranstaltungen.<\/p>\n<p>F\u00fcr Infos w\u00e4re ich sehr dankbar &#8230;.<\/p>\n<p>Nachfolgend finden Sie den Nachbericht zum Steiner Ferienschach 2008:<\/p>\n<p><!--more--><\/p>\n<p><strong>Steiner Ferien-Schach-Turnier<\/strong><br \/>\nIn der ersten Ferienwoche veranstaltete der  Schachclub Stein 1998 e.V. in Zusammenarbeit mit dem Jugendhaus Stein im Rahmen  des Steiner Ferienprogramms ein Schachturnier f\u00fcr Kinder und Jugendliche. Mit  gro\u00dfem Eifer und hochkonzentriert k\u00e4mpften die Teilnehmer im gro\u00dfen Saal in der  Alten Kirche um die Medaillen. In 8 Spielrunden wurden die Pl\u00e4tze in drei  Altersgruppen erspielt. In der Altersgruppe U 15 gewann erwartungsgem\u00e4\u00df Daniel  Reimann vom SC Stein. \u00dcberraschenderweise belegten in den Klassen  U 11 und  U 13 mit Alexander Kasper und Oliver Reichel zwei Nicht-Vereinsspieler die  ersten Pl\u00e4tze! Beachtenswert auch die Leistung des einzigen M\u00e4dchens im  Teilnehmerfeld, Julia Reichel: Sie verpasste in der U 11 nur knapp einen  Medaillenrang! Aufgrund des gestiegenen Interesses am K\u00f6niglichen Spiel m\u00f6chte  Der SC Stein das Turnier in den kommenden Jahren wieder durchf\u00fchren und das  Ferien-Schach gerne zu einer festen Steiner Veranstaltung werden  lassen.<\/p>\n<p><a href=\"http:\/\/www.sc-postbauer-heng.de\/08sjm\/wp-content\/uploads\/2008\/08\/steiner-ferienprogramm-2008b.jpg\" title=\"steiner-ferienprogramm-2008b.jpg\"><img decoding=\"async\" src=\"http:\/\/www.sc-postbauer-heng.de\/08sjm\/wp-content\/uploads\/2008\/08\/steiner-ferienprogramm-2008b.jpg\" alt=\"steiner-ferienprogramm-2008b.jpg\" \/><\/a><\/p>\n","protected":false},"excerpt":{"rendered":"<p>Mich w\u00fcrde einmal interessieren welche Vereine speziell f\u00fcr Kinder- und Jugendliche in den Ferien ein extra Programm (Schnuppertag, Kinderturnier, Schachwoche etc.) angeboten haben. Sehr interessiert bin ich auch an der Einsendung von Nachberichten und Fotos, sowie insbesondere auch an den &hellip; <a href=\"http:\/\/schachbezirk-mittelfranken.de\/sjm\/?p=478\">Weiterlesen <span class=\"meta-nav\">&rarr;<\/span><\/a><\/p>\n","protected":false},"author":6,"featured_media":0,"comment_status":"closed","ping_status":"open","sticky":false,"template":"","format":"standard","meta":{"footnotes":""},"categories":[1],"tags":[],"class_list":["post-478","post","type-post","status-publish","format-standard","hentry","category-allgemein"],"_links":{"self":[{"href":"http:\/\/schachbezirk-mittelfranken.de\/sjm\/index.php?rest_route=\/wp\/v2\/posts\/478","targetHints":{"allow":["GET"]}}],"collection":[{"href":"http:\/\/schachbezirk-mittelfranken.de\/sjm\/index.php?rest_route=\/wp\/v2\/posts"}],"about":[{"href":"http:\/\/schachbezirk-mittelfranken.de\/sjm\/index.php?rest_route=\/wp\/v2\/types\/post"}],"author":[{"embeddable":true,"href":"http:\/\/schachbezirk-mittelfranken.de\/sjm\/index.php?rest_route=\/wp\/v2\/users\/6"}],"replies":[{"embeddable":true,"href":"http:\/\/schachbezirk-mittelfranken.de\/sjm\/index.php?rest_route=%2Fwp%2Fv2%2Fcomments&post=478"}],"version-history":[{"count":0,"href":"http:\/\/schachbezirk-mittelfranken.de\/sjm\/index.php?rest_route=\/wp\/v2\/posts\/478\/revisions"}],"wp:attachment":[{"href":"http:\/\/schachbezirk-mittelfranken.de\/sjm\/index.php?rest_route=%2Fwp%2Fv2%2Fmedia&parent=478"}],"wp:term":[{"taxonomy":"category","embeddable":true,"href":"http:\/\/schachbezirk-mittelfranken.de\/sjm\/index.php?rest_route=%2Fwp%2Fv2%2Fcategories&post=478"},{"taxonomy":"post_tag","embeddable":true,"href":"http:\/\/schachbezirk-mittelfranken.de\/sjm\/index.php?rest_route=%2Fwp%2Fv2%2Ftags&post=478"}],"curies":[{"name":"wp","href":"https:\/\/api.w.org\/{rel}","templated":true}]}}