{"id":8031,"date":"2026-04-28T12:47:34","date_gmt":"2026-04-28T12:47:34","guid":{"rendered":"https:\/\/schachbezirk-mittelfranken.de\/?p=8031"},"modified":"2026-04-28T12:53:04","modified_gmt":"2026-04-28T12:53:04","slug":"mittelfraenkische-ss-em-2026-anmeldestand-28-04-2026","status":"publish","type":"post","link":"https:\/\/schachbezirk-mittelfranken.de\/?p=8031","title":{"rendered":"Mittelfr\u00e4nkische SS EM 2026 &#8211; Anmeldestand 28.04.2026"},"content":{"rendered":"<p>Hallo zusammen da geht noch was, die ersten Drei qualifizieren sich f\u00fcr das Bayerische Event am 16. 17.05.2026 in Dinkelsb\u00fchl. Also ran an die Bretter.-<\/p>\n<h2>Mittelfr\u00e4nkische\u00a0Schnellschach\u00a0EM\u00a02026<\/h2>\n<table border=\"2\" cellspacing=\"2\" cellpadding=\"2\" bgcolor=\"#C0C0C0\">\n<thead>\n<tr>\n<td colspan=\"13\">Teilnehmerliste:\u00a0(Sortiert\u00a0nach\u00a0Startrangliste)<\/td>\n<\/tr>\n<tr bgcolor=\"#00FF00\">\n<th>LfdNr<\/th>\n<th>Teilnehmer<\/th>\n<th>Tit<\/th>\n<th><\/th>\n<th>ELO<\/th>\n<th>NWZ<\/th>\n<th>Attr<\/th>\n<th>Verein\/Ort<\/th>\n<th>Land<\/th>\n<th>Gebur<\/th>\n<th>Info1<\/th>\n<th>Info2<\/th>\n<th>Info3<\/th>\n<\/tr>\n<\/thead>\n<tbody>\n<tr bgcolor=\"#00FFFF\">\n<td>1<\/td>\n<td>Ratushnyi,Viktor<\/td>\n<td><\/td>\n<td><\/td>\n<td>2014<\/td>\n<td>2155<\/td>\n<td>M<\/td>\n<td>SC\u00a0Schwarz-Wei\u00df\u00a0N\u00fcrn<\/td>\n<td>UKR<\/td>\n<td>2011<\/td>\n<td><\/td>\n<td><\/td>\n<td><\/td>\n<\/tr>\n<tr bgcolor=\"#00FFFF\">\n<td>2<\/td>\n<td>Lemba,Albert<\/td>\n<td><\/td>\n<td><\/td>\n<td>2043<\/td>\n<td>2095<\/td>\n<td>M<\/td>\n<td>SC\u00a0NT\u00a0N\u00fcrnberg\u00a01873<\/td>\n<td>UKR<\/td>\n<td>2008<\/td>\n<td><\/td>\n<td><\/td>\n<td><\/td>\n<\/tr>\n<tr bgcolor=\"#00FFFF\">\n<td>3<\/td>\n<td>Kanewski,Josef<\/td>\n<td><\/td>\n<td><\/td>\n<td>2092<\/td>\n<td>1967<\/td>\n<td>M<\/td>\n<td>SC\u00a0Schwarz-Wei\u00df\u00a0N\u00fcrn<\/td>\n<td>GER<\/td>\n<td>1958<\/td>\n<td><\/td>\n<td><\/td>\n<td><\/td>\n<\/tr>\n<tr bgcolor=\"#00FFFF\">\n<td>4<\/td>\n<td>Martin\u00a0Fernandez,Raf<\/td>\n<td><\/td>\n<td><\/td>\n<td>1836<\/td>\n<td>2039<\/td>\n<td>M<\/td>\n<td>SC\u00a0Erlangen\u00a048\/88<\/td>\n<td>GER<\/td>\n<td>2010<\/td>\n<td><\/td>\n<td><\/td>\n<td><\/td>\n<\/tr>\n<tr bgcolor=\"#00FFFF\">\n<td>5<\/td>\n<td>Savchuk,Alexander<\/td>\n<td><\/td>\n<td><\/td>\n<td>1930<\/td>\n<td>2027<\/td>\n<td>M<\/td>\n<td>SC\u00a0Uttenreuth\u00a0e.V.<\/td>\n<td>GER<\/td>\n<td>2011<\/td>\n<td><\/td>\n<td><\/td>\n<td><\/td>\n<\/tr>\n<tr bgcolor=\"#00FFFF\">\n<td>6<\/td>\n<td>Erlbeck,Peter<\/td>\n<td><\/td>\n<td><\/td>\n<td>1994<\/td>\n<td>1952<\/td>\n<td>M<\/td>\n<td>SC\u00a0SW\u00a0N\u00fcrnberg\u00a0S\u00fcd\u00a0e<\/td>\n<td>GER<\/td>\n<td>1952<\/td>\n<td><\/td>\n<td><\/td>\n<td><\/td>\n<\/tr>\n<tr bgcolor=\"#00FFFF\">\n<td>7<\/td>\n<td>Rhein,Thomas<\/td>\n<td><\/td>\n<td><\/td>\n<td>1905<\/td>\n<td>1867<\/td>\n<td>M<\/td>\n<td>SC\u00a0Schwarz-Wei\u00df\u00a0N\u00fcrn<\/td>\n<td>GER<\/td>\n<td>1952<\/td>\n<td><\/td>\n<td><\/td>\n<td><\/td>\n<\/tr>\n<tr bgcolor=\"#00FFFF\">\n<td>8<\/td>\n<td>Levent,Abdullah<\/td>\n<td><\/td>\n<td><\/td>\n<td>1836<\/td>\n<td>1788<\/td>\n<td>M<\/td>\n<td>SC\u00a0NT\u00a0N\u00fcrnberg\u00a01873<\/td>\n<td>TUR<\/td>\n<td>1977<\/td>\n<td><\/td>\n<td><\/td>\n<td><\/td>\n<\/tr>\n<tr bgcolor=\"#00FFFF\">\n<td>9<\/td>\n<td>Assem\u00a0Gawdat\u00a0Azmy,Mo<\/td>\n<td><\/td>\n<td><\/td>\n<td>1822<\/td>\n<td>1790<\/td>\n<td>M<\/td>\n<td>SC\u00a0Erlangen\u00a048\/88<\/td>\n<td>EGY<\/td>\n<td>1983<\/td>\n<td><\/td>\n<td><\/td>\n<td><\/td>\n<\/tr>\n<tr bgcolor=\"#00FFFF\">\n<td>10<\/td>\n<td>Martin\u00a0Fernandez,F\u00e9l<\/td>\n<td><\/td>\n<td><\/td>\n<td>1566<\/td>\n<td>1737<\/td>\n<td>M<\/td>\n<td>SC\u00a0Erlangen\u00a048\/88<\/td>\n<td>GER<\/td>\n<td>2013<\/td>\n<td><\/td>\n<td><\/td>\n<td><\/td>\n<\/tr>\n<tr bgcolor=\"#00FFFF\">\n<td>11<\/td>\n<td>Rudchenko,Valeriia<\/td>\n<td><\/td>\n<td><\/td>\n<td><\/td>\n<td>1356<\/td>\n<td>W<\/td>\n<td>SC\u00a0NT\u00a0N\u00fcrnberg\u00a01873<\/td>\n<td><\/td>\n<td>2016<\/td>\n<td><\/td>\n<td><\/td>\n<td><\/td>\n<\/tr>\n<\/tbody>\n<\/table>\n<p>&nbsp;<\/p>\n<p><a href=\"http:\/\/schachbezirk-mittelfranken.de\/wp-content\/uploads\/2026\/04\/BSEM-2026-Ausschreibung.pdf\">BSEM-2026-Ausschreibung<\/a> \u00a0\u00a0 \u00a0\u00a0 \u00a0\u00a0 \u00a0\u00a0 \u00a0\u00a0 \u00a0\u00a0 \u00a0\u00a0 \u00a0\u00a0 \u00a0\u00a0 \u00a0\u00a0 \u00a0\u00a0 \u00a0\u00a0 \u00a0\u00a0 \u00a0\u00a0 \u00a0\u00a0 \u00a0\u00a0 \u00a0\u00a0 \u00a0\u00a0 \u00a0\u00a0 \u00a0\u00a0 \u00a0\u00a0 <a href=\"http:\/\/schachbezirk-mittelfranken.de\/wp-content\/uploads\/2026\/04\/260509_BezSSEM_Forum.pdf\">260509_BezSSEM_Forum<\/a><\/p>\n","protected":false},"excerpt":{"rendered":"<p>Hallo zusammen da geht noch was, die ersten Drei qualifizieren sich f\u00fcr das Bayerische Event am 16. 17.05.2026 in Dinkelsb\u00fchl. Also ran an die Bretter.- Mittelfr\u00e4nkische\u00a0Schnellschach\u00a0EM\u00a02026 Teilnehmerliste:\u00a0(Sortiert\u00a0nach\u00a0Startrangliste) LfdNr Teilnehmer Tit ELO NWZ Attr Verein\/Ort Land Gebur Info1 Info2 Info3 1 &hellip; <a href=\"https:\/\/schachbezirk-mittelfranken.de\/?p=8031\">Weiterlesen <span class=\"meta-nav\">&rarr;<\/span><\/a><\/p>\n","protected":false},"author":18,"featured_media":0,"comment_status":"closed","ping_status":"closed","sticky":false,"template":"","format":"standard","meta":{"ngg_post_thumbnail":0,"footnotes":""},"categories":[1,327],"tags":[],"class_list":["post-8031","post","type-post","status-publish","format-standard","hentry","category-allgemein","category-schnellschach-em-2026"],"_links":{"self":[{"href":"https:\/\/schachbezirk-mittelfranken.de\/index.php?rest_route=\/wp\/v2\/posts\/8031","targetHints":{"allow":["GET"]}}],"collection":[{"href":"https:\/\/schachbezirk-mittelfranken.de\/index.php?rest_route=\/wp\/v2\/posts"}],"about":[{"href":"https:\/\/schachbezirk-mittelfranken.de\/index.php?rest_route=\/wp\/v2\/types\/post"}],"author":[{"embeddable":true,"href":"https:\/\/schachbezirk-mittelfranken.de\/index.php?rest_route=\/wp\/v2\/users\/18"}],"replies":[{"embeddable":true,"href":"https:\/\/schachbezirk-mittelfranken.de\/index.php?rest_route=%2Fwp%2Fv2%2Fcomments&post=8031"}],"version-history":[{"count":1,"href":"https:\/\/schachbezirk-mittelfranken.de\/index.php?rest_route=\/wp\/v2\/posts\/8031\/revisions"}],"predecessor-version":[{"id":8034,"href":"https:\/\/schachbezirk-mittelfranken.de\/index.php?rest_route=\/wp\/v2\/posts\/8031\/revisions\/8034"}],"wp:attachment":[{"href":"https:\/\/schachbezirk-mittelfranken.de\/index.php?rest_route=%2Fwp%2Fv2%2Fmedia&parent=8031"}],"wp:term":[{"taxonomy":"category","embeddable":true,"href":"https:\/\/schachbezirk-mittelfranken.de\/index.php?rest_route=%2Fwp%2Fv2%2Fcategories&post=8031"},{"taxonomy":"post_tag","embeddable":true,"href":"https:\/\/schachbezirk-mittelfranken.de\/index.php?rest_route=%2Fwp%2Fv2%2Ftags&post=8031"}],"curies":[{"name":"wp","href":"https:\/\/api.w.org\/{rel}","templated":true}]}}